{"id":1861,"date":"2019-02-28T12:30:44","date_gmt":"2019-02-28T11:30:44","guid":{"rendered":"https:\/\/www.afs-furtwangen.de\/?p=1861"},"modified":"2019-02-28T12:30:44","modified_gmt":"2019-02-28T11:30:44","slug":"schneetag-2019-alpin","status":"publish","type":"post","link":"https:\/\/www.afs-furtwangen.de\/index.php\/2019\/02\/28\/schneetag-2019-alpin\/","title":{"rendered":"Schneetag 2019 Alpin"},"content":{"rendered":"<p>&nbsp;<\/p>\n<p><img fetchpriority=\"high\" decoding=\"async\" class=\"alignnone size-medium wp-image-1858\" src=\"https:\/\/www.afs-furtwangen.de\/wp-content\/uploads\/2019\/02\/KISZ4150-1-300x168.jpg\" alt=\"\" width=\"300\" height=\"168\" srcset=\"https:\/\/www.afs-furtwangen.de\/wp-content\/uploads\/2019\/02\/KISZ4150-1-300x168.jpg 300w, https:\/\/www.afs-furtwangen.de\/wp-content\/uploads\/2019\/02\/KISZ4150-1-768x431.jpg 768w, https:\/\/www.afs-furtwangen.de\/wp-content\/uploads\/2019\/02\/KISZ4150-1-1024x575.jpg 1024w, https:\/\/www.afs-furtwangen.de\/wp-content\/uploads\/2019\/02\/KISZ4150-1.jpg 1600w\" sizes=\"(max-width: 300px) 100vw, 300px\" \/><\/p>\n<p><strong>Schneetag 2019<\/strong><\/p>\n<p><strong>\u00a0<\/strong><\/p>\n<p>Auch in diesem Jahr konnten wir am vergangenen Dienstag, dank guter Schneelage, unsere Klassenzimmer in den Schnee verlegen!<\/p>\n<p>&nbsp;<\/p>\n<p>Auf die Skier, fertig, los! So hie\u00df es f\u00fcr 38 Sch\u00fclerinnen und Sch\u00fcler sowie ihre begleitenden Lehrerinnen und Lehrer der Anne-Frank-Schule und der Friedrichschule. Bei sehr guten Schneebedingungen und herrlichem Sonnenschein verbrachten die Kinder einen sportlichen Vormittag am Bregtallift. Egal ob Anf\u00e4nger oder Fortgeschrittene die Kinder hatten viel Spa\u00df und genossen den Tag sehr. Besonders bedanken wollen wir uns f\u00fcr die flei\u00dfigen und freundliche H\u00e4nde am Skilift wie auch im \u201eH\u00e4usle\u201c. Die Kinder konnten ihren Hunger neben ihren mitgebrachten Vespern auch mit hei\u00dfen W\u00fcrstchen stillen oder der ein oder anderen Gummischlange :), denn frische Luft macht bekanntlich hungrig! Danke sagen wir auch den F\u00f6rdervereinen der beiden Schulen f\u00fcr die gro\u00dfz\u00fcgige Finanzierung der Liftkarten. Leider ging der Vormittag f\u00fcr zwei unserer Sch\u00fcler nicht ohne Blessuren zu Ende. Wir w\u00fcnschen ihnen eine\u00a0 gute Besserung.<\/p>\n<p>&nbsp;<\/p>\n<p>(Birgit Noeske)<\/p>\n<p>&nbsp;<\/p>\n<p>&nbsp;<\/p>\n","protected":false},"excerpt":{"rendered":"<p>&nbsp; Schneetag 2019 \u00a0 Auch in diesem Jahr konnten wir am vergangenen Dienstag, dank guter Schneelage, unsere Klassenzimmer in den Schnee verlegen! &nbsp; Auf die Skier, fertig, los! So hie\u00df es f\u00fcr 38 Sch\u00fclerinnen und Sch\u00fcler sowie ihre begleitenden Lehrerinnen und Lehrer der Anne-Frank-Schule und der Friedrichschule. Bei sehr guten Schneebedingungen und herrlichem Sonnenschein verbrachten &hellip;<\/p>\n<p class=\"read-more\"> <a class=\"\" href=\"https:\/\/www.afs-furtwangen.de\/index.php\/2019\/02\/28\/schneetag-2019-alpin\/\"> <span class=\"screen-reader-text\">Schneetag 2019 Alpin<\/span> Weiterlesen &raquo;<\/a><\/p>\n","protected":false},"author":27,"featured_media":0,"comment_status":"closed","ping_status":"closed","sticky":false,"template":"","format":"standard","meta":{"site-sidebar-layout":"default","site-content-layout":"default","ast-site-content-layout":"","site-content-style":"default","site-sidebar-style":"default","ast-global-header-display":"","ast-banner-title-visibility":"","ast-main-header-display":"","ast-hfb-above-header-display":"","ast-hfb-below-header-display":"","ast-hfb-mobile-header-display":"","site-post-title":"","ast-breadcrumbs-content":"","ast-featured-img":"","footer-sml-layout":"","theme-transparent-header-meta":"default","adv-header-id-meta":"","stick-header-meta":"","header-above-stick-meta":"","header-main-stick-meta":"","header-below-stick-meta":"","astra-migrate-meta-layouts":"","footnotes":""},"categories":[1,29],"tags":[],"class_list":["post-1861","post","type-post","status-publish","format-standard","hentry","category-intern","category-oeffentlich"],"_links":{"self":[{"href":"https:\/\/www.afs-furtwangen.de\/index.php\/wp-json\/wp\/v2\/posts\/1861","targetHints":{"allow":["GET"]}}],"collection":[{"href":"https:\/\/www.afs-furtwangen.de\/index.php\/wp-json\/wp\/v2\/posts"}],"about":[{"href":"https:\/\/www.afs-furtwangen.de\/index.php\/wp-json\/wp\/v2\/types\/post"}],"author":[{"embeddable":true,"href":"https:\/\/www.afs-furtwangen.de\/index.php\/wp-json\/wp\/v2\/users\/27"}],"replies":[{"embeddable":true,"href":"https:\/\/www.afs-furtwangen.de\/index.php\/wp-json\/wp\/v2\/comments?post=1861"}],"version-history":[{"count":2,"href":"https:\/\/www.afs-furtwangen.de\/index.php\/wp-json\/wp\/v2\/posts\/1861\/revisions"}],"predecessor-version":[{"id":1864,"href":"https:\/\/www.afs-furtwangen.de\/index.php\/wp-json\/wp\/v2\/posts\/1861\/revisions\/1864"}],"wp:attachment":[{"href":"https:\/\/www.afs-furtwangen.de\/index.php\/wp-json\/wp\/v2\/media?parent=1861"}],"wp:term":[{"taxonomy":"category","embeddable":true,"href":"https:\/\/www.afs-furtwangen.de\/index.php\/wp-json\/wp\/v2\/categories?post=1861"},{"taxonomy":"post_tag","embeddable":true,"href":"https:\/\/www.afs-furtwangen.de\/index.php\/wp-json\/wp\/v2\/tags?post=1861"}],"curies":[{"name":"wp","href":"https:\/\/api.w.org\/{rel}","templated":true}]}}