{"id":1800,"date":"2019-01-19T17:25:37","date_gmt":"2019-01-19T16:25:37","guid":{"rendered":"https:\/\/www.afs-furtwangen.de\/?p=1800"},"modified":"2019-02-02T17:44:16","modified_gmt":"2019-02-02T16:44:16","slug":"langlauf-im-ganztag","status":"publish","type":"post","link":"https:\/\/www.afs-furtwangen.de\/index.php\/2019\/01\/19\/langlauf-im-ganztag\/","title":{"rendered":"Langlauf im Ganztag"},"content":{"rendered":"<p>Das Langlaufprojekt im Ganztag findet dieses Jahr donnerstags f\u00fcr bis zu 12 Kinder statt. Trotz teilweise suboptimalen Wetterbedingungen hab<img decoding=\"async\" class=\"alignnone wp-image-1804\" src=\"https:\/\/www.afs-furtwangen.de\/wp-content\/uploads\/2019\/01\/IMG_20190110_153117990-300x225.jpg\" alt=\"\" width=\"5\" height=\"4\" srcset=\"https:\/\/www.afs-furtwangen.de\/wp-content\/uploads\/2019\/01\/IMG_20190110_153117990-300x300.jpg 300w, https:\/\/www.afs-furtwangen.de\/wp-content\/uploads\/2019\/01\/IMG_20190110_153117990-150x150.jpg 150w, https:\/\/www.afs-furtwangen.de\/wp-content\/uploads\/2019\/01\/IMG_20190110_153117990-768x576.jpg 768w, https:\/\/www.afs-furtwangen.de\/wp-content\/uploads\/2019\/01\/IMG_20190110_153117990-1024x768.jpg 1024w, https:\/\/www.afs-furtwangen.de\/wp-content\/uploads\/2019\/01\/IMG_20190110_153117990-474x324.jpg 474w\" sizes=\"(max-width: 5px) 100vw, 5px\" \/>en alle Kinder viel Spa\u00df. Wir bedanken uns beim SBBZ Lernen daf\u00fcr, dass wir ihre Langlaufausr\u00fcstung mitbenutzen d\u00fcrfen.\u00a0 Frau Ganter, Frau Sauter und Frau Fleig leiten das Projekt und bringen die Sch\u00fcler mit ihren Autos zur Loipe.<\/p>\n<p><img fetchpriority=\"high\" decoding=\"async\" class=\"alignnone size-medium wp-image-1805\" src=\"https:\/\/www.afs-furtwangen.de\/wp-content\/uploads\/2019\/01\/IMG_20190110_153101952_BURST000_COVER_TOP-225x300.jpg\" alt=\"\" width=\"225\" height=\"300\" srcset=\"https:\/\/www.afs-furtwangen.de\/wp-content\/uploads\/2019\/01\/IMG_20190110_153101952_BURST000_COVER_TOP-225x300.jpg 225w, https:\/\/www.afs-furtwangen.de\/wp-content\/uploads\/2019\/01\/IMG_20190110_153101952_BURST000_COVER_TOP-768x1024.jpg 768w\" sizes=\"(max-width: 225px) 100vw, 225px\" \/> \u00a0 \u00a0 \u00a0 \u00a0\u00a0<img decoding=\"async\" class=\"alignnone size-medium wp-image-1804\" src=\"https:\/\/www.afs-furtwangen.de\/wp-content\/uploads\/2019\/01\/IMG_20190110_153117990-300x225.jpg\" alt=\"\" width=\"300\" height=\"225\" srcset=\"https:\/\/www.afs-furtwangen.de\/wp-content\/uploads\/2019\/01\/IMG_20190110_153117990-300x225.jpg 300w, https:\/\/www.afs-furtwangen.de\/wp-content\/uploads\/2019\/01\/IMG_20190110_153117990-768x576.jpg 768w, https:\/\/www.afs-furtwangen.de\/wp-content\/uploads\/2019\/01\/IMG_20190110_153117990-1024x768.jpg 1024w\" sizes=\"(max-width: 300px) 100vw, 300px\" \/>\u00a0\u00a0<img loading=\"lazy\" decoding=\"async\" class=\"alignnone size-medium wp-image-1842\" src=\"https:\/\/www.afs-furtwangen.de\/wp-content\/uploads\/2019\/01\/IMG_20190131_151432584_HDR-3-225x300.jpg\" alt=\"\" width=\"225\" height=\"300\" srcset=\"https:\/\/www.afs-furtwangen.de\/wp-content\/uploads\/2019\/01\/IMG_20190131_151432584_HDR-3-225x300.jpg 225w, https:\/\/www.afs-furtwangen.de\/wp-content\/uploads\/2019\/01\/IMG_20190131_151432584_HDR-3-768x1024.jpg 768w\" sizes=\"(max-width: 225px) 100vw, 225px\" \/><\/p>\n<p>&nbsp;<\/p>\n","protected":false},"excerpt":{"rendered":"<p>Das Langlaufprojekt im Ganztag findet dieses Jahr donnerstags f\u00fcr bis zu 12 Kinder statt. Trotz teilweise suboptimalen Wetterbedingungen haben alle Kinder viel Spa\u00df. Wir bedanken uns beim SBBZ Lernen daf\u00fcr, dass wir ihre Langlaufausr\u00fcstung mitbenutzen d\u00fcrfen.\u00a0 Frau Ganter, Frau Sauter und Frau Fleig leiten das Projekt und bringen die Sch\u00fcler mit ihren Autos zur Loipe. &hellip;<\/p>\n<p class=\"read-more\"> <a class=\"\" href=\"https:\/\/www.afs-furtwangen.de\/index.php\/2019\/01\/19\/langlauf-im-ganztag\/\"> <span class=\"screen-reader-text\">Langlauf im Ganztag<\/span> Weiterlesen &raquo;<\/a><\/p>\n","protected":false},"author":27,"featured_media":0,"comment_status":"closed","ping_status":"closed","sticky":false,"template":"","format":"standard","meta":{"site-sidebar-layout":"default","site-content-layout":"default","ast-site-content-layout":"","site-content-style":"default","site-sidebar-style":"default","ast-global-header-display":"","ast-banner-title-visibility":"","ast-main-header-display":"","ast-hfb-above-header-display":"","ast-hfb-below-header-display":"","ast-hfb-mobile-header-display":"","site-post-title":"","ast-breadcrumbs-content":"","ast-featured-img":"","footer-sml-layout":"","theme-transparent-header-meta":"default","adv-header-id-meta":"","stick-header-meta":"","header-above-stick-meta":"","header-main-stick-meta":"","header-below-stick-meta":"","astra-migrate-meta-layouts":"","footnotes":""},"categories":[1],"tags":[],"class_list":["post-1800","post","type-post","status-publish","format-standard","hentry","category-intern"],"_links":{"self":[{"href":"https:\/\/www.afs-furtwangen.de\/index.php\/wp-json\/wp\/v2\/posts\/1800","targetHints":{"allow":["GET"]}}],"collection":[{"href":"https:\/\/www.afs-furtwangen.de\/index.php\/wp-json\/wp\/v2\/posts"}],"about":[{"href":"https:\/\/www.afs-furtwangen.de\/index.php\/wp-json\/wp\/v2\/types\/post"}],"author":[{"embeddable":true,"href":"https:\/\/www.afs-furtwangen.de\/index.php\/wp-json\/wp\/v2\/users\/27"}],"replies":[{"embeddable":true,"href":"https:\/\/www.afs-furtwangen.de\/index.php\/wp-json\/wp\/v2\/comments?post=1800"}],"version-history":[{"count":4,"href":"https:\/\/www.afs-furtwangen.de\/index.php\/wp-json\/wp\/v2\/posts\/1800\/revisions"}],"predecessor-version":[{"id":1843,"href":"https:\/\/www.afs-furtwangen.de\/index.php\/wp-json\/wp\/v2\/posts\/1800\/revisions\/1843"}],"wp:attachment":[{"href":"https:\/\/www.afs-furtwangen.de\/index.php\/wp-json\/wp\/v2\/media?parent=1800"}],"wp:term":[{"taxonomy":"category","embeddable":true,"href":"https:\/\/www.afs-furtwangen.de\/index.php\/wp-json\/wp\/v2\/categories?post=1800"},{"taxonomy":"post_tag","embeddable":true,"href":"https:\/\/www.afs-furtwangen.de\/index.php\/wp-json\/wp\/v2\/tags?post=1800"}],"curies":[{"name":"wp","href":"https:\/\/api.w.org\/{rel}","templated":true}]}}