{"id":1569,"date":"2018-12-05T10:40:15","date_gmt":"2018-12-05T09:40:15","guid":{"rendered":"https:\/\/www.afs-furtwangen.de\/?p=1569"},"modified":"2018-12-05T10:40:15","modified_gmt":"2018-12-05T09:40:15","slug":"bericht-jugendfeuerwehr","status":"publish","type":"post","link":"https:\/\/www.afs-furtwangen.de\/index.php\/2018\/12\/05\/bericht-jugendfeuerwehr\/","title":{"rendered":"Bericht Jugendfeuerwehr"},"content":{"rendered":"<p>Am 26.10.2018 war die vierte Klasse der AFS zusammen mit den vierten Klassen der Friedrichschule und die Klasse 3 und 4 der Grundschule Neukirch eingeladen zum Helfertag der Jugendfeuerwehr.<br \/>\n5 min Fu\u00dfweg und wir waren da! Wir konnten nur staunen \u00fcber die freundliche Begr\u00fc\u00dfung durch vierzehn Feuerwehrm\u00e4nner. Sie teilten uns in Gruppen ein . An 6 Stationen lernten wir viel \u00fcber die Feuerwehr. Das Beste aber war, dass wir fast alles auch selbst ausprobieren und anfassen durften und unsere Fragen von Profis beantwortet wurden. Obendrein gab es in der Pause f\u00fcr jeden Brezeln und Apfelschorle. Am Ende waren sich alle einig, dass dies ein rundum gelungener Vormittag war!<\/p>\n<p>M. Fleig<\/p>\n<p><a href=\"https:\/\/www.afs-furtwangen.de\/wp-content\/uploads\/2018\/12\/IMG_20181026_122503786-Feuerwehr.jpg\" data-rel=\"lightbox-image-0\" data-rl_title=\"\" data-rl_caption=\"\" title=\"\"><img fetchpriority=\"high\" decoding=\"async\" class=\"aligncenter size-medium wp-image-1570\" src=\"https:\/\/www.afs-furtwangen.de\/wp-content\/uploads\/2018\/12\/IMG_20181026_122503786-Feuerwehr-300x225.jpg\" alt=\"\" width=\"300\" height=\"225\" srcset=\"https:\/\/www.afs-furtwangen.de\/wp-content\/uploads\/2018\/12\/IMG_20181026_122503786-Feuerwehr-300x225.jpg 300w, https:\/\/www.afs-furtwangen.de\/wp-content\/uploads\/2018\/12\/IMG_20181026_122503786-Feuerwehr-768x576.jpg 768w, https:\/\/www.afs-furtwangen.de\/wp-content\/uploads\/2018\/12\/IMG_20181026_122503786-Feuerwehr-1024x768.jpg 1024w\" sizes=\"(max-width: 300px) 100vw, 300px\" \/><\/a><\/p>\n","protected":false},"excerpt":{"rendered":"<p>Am 26.10.2018 war die vierte Klasse der AFS zusammen mit den vierten Klassen der Friedrichschule und die Klasse 3 und 4 der Grundschule Neukirch eingeladen zum Helfertag der Jugendfeuerwehr. 5 min Fu\u00dfweg und wir waren da! Wir konnten nur staunen \u00fcber die freundliche Begr\u00fc\u00dfung durch vierzehn Feuerwehrm\u00e4nner. Sie teilten uns in Gruppen ein . An &hellip;<\/p>\n<p class=\"read-more\"> <a class=\"\" href=\"https:\/\/www.afs-furtwangen.de\/index.php\/2018\/12\/05\/bericht-jugendfeuerwehr\/\"> <span class=\"screen-reader-text\">Bericht Jugendfeuerwehr<\/span> Weiterlesen &raquo;<\/a><\/p>\n","protected":false},"author":1,"featured_media":1572,"comment_status":"closed","ping_status":"closed","sticky":false,"template":"","format":"standard","meta":{"site-sidebar-layout":"default","site-content-layout":"default","ast-site-content-layout":"","site-content-style":"default","site-sidebar-style":"default","ast-global-header-display":"","ast-banner-title-visibility":"","ast-main-header-display":"","ast-hfb-above-header-display":"","ast-hfb-below-header-display":"","ast-hfb-mobile-header-display":"","site-post-title":"","ast-breadcrumbs-content":"","ast-featured-img":"","footer-sml-layout":"","theme-transparent-header-meta":"","adv-header-id-meta":"","stick-header-meta":"","header-above-stick-meta":"","header-main-stick-meta":"","header-below-stick-meta":"","astra-migrate-meta-layouts":"","footnotes":""},"categories":[1],"tags":[],"class_list":["post-1569","post","type-post","status-publish","format-standard","has-post-thumbnail","hentry","category-intern"],"_links":{"self":[{"href":"https:\/\/www.afs-furtwangen.de\/index.php\/wp-json\/wp\/v2\/posts\/1569","targetHints":{"allow":["GET"]}}],"collection":[{"href":"https:\/\/www.afs-furtwangen.de\/index.php\/wp-json\/wp\/v2\/posts"}],"about":[{"href":"https:\/\/www.afs-furtwangen.de\/index.php\/wp-json\/wp\/v2\/types\/post"}],"author":[{"embeddable":true,"href":"https:\/\/www.afs-furtwangen.de\/index.php\/wp-json\/wp\/v2\/users\/1"}],"replies":[{"embeddable":true,"href":"https:\/\/www.afs-furtwangen.de\/index.php\/wp-json\/wp\/v2\/comments?post=1569"}],"version-history":[{"count":1,"href":"https:\/\/www.afs-furtwangen.de\/index.php\/wp-json\/wp\/v2\/posts\/1569\/revisions"}],"predecessor-version":[{"id":1574,"href":"https:\/\/www.afs-furtwangen.de\/index.php\/wp-json\/wp\/v2\/posts\/1569\/revisions\/1574"}],"wp:featuredmedia":[{"embeddable":true,"href":"https:\/\/www.afs-furtwangen.de\/index.php\/wp-json\/wp\/v2\/media\/1572"}],"wp:attachment":[{"href":"https:\/\/www.afs-furtwangen.de\/index.php\/wp-json\/wp\/v2\/media?parent=1569"}],"wp:term":[{"taxonomy":"category","embeddable":true,"href":"https:\/\/www.afs-furtwangen.de\/index.php\/wp-json\/wp\/v2\/categories?post=1569"},{"taxonomy":"post_tag","embeddable":true,"href":"https:\/\/www.afs-furtwangen.de\/index.php\/wp-json\/wp\/v2\/tags?post=1569"}],"curies":[{"name":"wp","href":"https:\/\/api.w.org\/{rel}","templated":true}]}}